{"id":233266,"date":"2026-01-14T16:44:02","date_gmt":"2026-01-14T14:44:02","guid":{"rendered":"https:\/\/planinarskiklubtara.org\/report-project-team-meeting-m1-zagreb\/"},"modified":"2026-07-29T14:13:36","modified_gmt":"2026-07-29T12:13:36","slug":"report-project-team-meeting-m1-zagreb","status":"publish","type":"post","link":"https:\/\/planinarskiklubtara.org\/en\/report-project-team-meeting-m1-zagreb\/","title":{"rendered":"REPORT &#8211; Project Team Meeting M1 (Zagreb)"},"content":{"rendered":"<div class=\"fusion-fullwidth fullwidth-box fusion-builder-row-1 fusion-flex-container nonhundred-percent-fullwidth non-hundred-percent-height-scrolling\" style=\"--awb-border-radius-top-left:0px;--awb-border-radius-top-right:0px;--awb-border-radius-bottom-right:0px;--awb-border-radius-bottom-left:0px;--awb-flex-wrap:wrap;\" ><div class=\"fusion-builder-row fusion-row fusion-flex-align-items-flex-start fusion-flex-content-wrap\" style=\"max-width:1393.6px;margin-left: calc(-4% \/ 2 );margin-right: calc(-4% \/ 2 );\"><div class=\"fusion-layout-column fusion_builder_column fusion-builder-column-0 fusion_builder_column_1_1 1_1 fusion-flex-column\" style=\"--awb-bg-size:cover;--awb-width-large:100%;--awb-margin-top-large:0px;--awb-spacing-right-large:1.92%;--awb-margin-bottom-large:0px;--awb-spacing-left-large:1.92%;--awb-width-medium:100%;--awb-spacing-right-medium:1.92%;--awb-spacing-left-medium:1.92%;--awb-width-small:100%;--awb-spacing-right-small:1.92%;--awb-spacing-left-small:1.92%;\"><div class=\"fusion-column-wrapper fusion-flex-justify-content-flex-start fusion-content-layout-column\"><div class=\"fusion-text fusion-text-1\"><p>The M1 project team meeting was held as planned 10. on January 10 and 11, 2026, in Zagreb, Croatia, in accordance with the scheduled agenda. 14 representatives from all project partners attended the meeting:  <\/p>\n<ul>\n<li><strong>PK Tara (Serbia):<\/strong> 4 persons (Ranko Milanovi\u0107, Nenad Le\u010di\u0107, Obrad Pavlovi\u0107, Dragana Jova\u0161evi\u0107)<\/li>\n<li><strong>HUCUK (Croatia):<\/strong> 3 persons (\u017deljko Gardlo, Marko Markovi\u0107, Jadranka Orahovec, psychotherapist)<\/li>\n<li>Il Cassetto dei Sogni (Italy): 3 persons (Elisa Guerzoni, Fabiano Cipressi, Ida Alberghini)<\/li>\n<li><strong>UKUKS (Serbia):<\/strong> 4 persons (Igor De\u0161i\u0107, Jelena De\u0161i\u0107, Dr Zoran Milenkovi\u0107, gastroenterologist, Uro\u0161 Rajakovi\u0107, psychotherapist)<\/li>\n<\/ul>\n<p>After introductions and an exchange of basic information, Nenad Le\u010di\u0107 and Ranko Milanovi\u0107 presented the project overview, planned activities, deliverables and deadlines and the framework for implementation and administration. All partners were reminded of the mandatory requirement to include EU funding visibility and disclaimers on all published materials. <strong> <\/strong><\/p>\n<h3><strong>Research and Surveys.<\/strong><\/h3>\n<p>It was agreed that over the next two months, specialized surveys will be developed and put online for the IBD population. The goal is to collect data on: <\/p>\n<ul>\n<li>Involvement in various sports (mountain running, hiking, bowling, swimming, table tennis, pilates, and cycling were highlighted).<\/li>\n<li>Barriers and challenges faced when exercising.<\/li>\n<li>Examples of good practice.<\/li>\n<\/ul>\n<p>The survey will be conducted at the national level via Google Forms. Information about the survey will be disseminated through Facebook, Instagram, newsletters, and QR codes placed in IBD centers. MA Tara is responsible for creating the surveys, while UKUKS will handle the data analysis. Ranko Milanovi\u0107 presented the proposed survey questions; participants agreed they are comprehensive and effective, with minor additions to be considered. Survey results will be published in English and the native languages of all member countries, and distributed to partners before the second meeting.    <\/p>\n<h3><strong>Connecting with AMICI.<\/strong><\/h3>\n<p>The Italian partners informed the project partners that they have contacted the Italian IBD association, AMICI, to involve them in project activities.<strong> <\/strong><\/p>\n<\/div><div class=\"awb-gallery-wrapper awb-gallery-wrapper-1 button-span-no\" style=\"--more-btn-alignment:center;\"><div style=\"margin:-5px;--awb-aspect-ratio:16 \/ 9;--awb-bordersize:0px;\" class=\"fusion-gallery fusion-gallery-container fusion-grid-2 fusion-columns-total-4 fusion-gallery-layout-grid fusion-gallery-1 has-aspect-ratio\"><div style=\"padding:5px;\" class=\"fusion-grid-column fusion-gallery-column fusion-gallery-column-2\"><div class=\"fusion-gallery-image fusion-gallery-image-liftup\"><a href=\"https:\/\/planinarskiklubtara.org\/wp-content\/uploads\/2026\/06\/m1-zagreb-3.jpg\" rel=\"noreferrer\" data-rel=\"iLightbox[gallery_image_1]\" class=\"fusion-lightbox\" target=\"_self\"><img decoding=\"async\" src=\"https:\/\/planinarskiklubtara.org\/wp-content\/uploads\/2026\/06\/m1-zagreb-3-460x295.jpg\" width=\"460\" height=\"295\" alt=\"\" title=\"m1 zagreb (3)\" aria-label=\"m1 zagreb (3)\" class=\"img-responsive wp-image-233222 fusion-gallery-image-size-fixed\"  \/><\/a><\/div><\/div><div style=\"padding:5px;\" class=\"fusion-grid-column fusion-gallery-column fusion-gallery-column-2\"><div class=\"fusion-gallery-image fusion-gallery-image-liftup\"><a href=\"https:\/\/planinarskiklubtara.org\/wp-content\/uploads\/2026\/06\/m1-zagreb-2.jpg\" rel=\"noreferrer\" data-rel=\"iLightbox[gallery_image_1]\" class=\"fusion-lightbox\" target=\"_self\"><img decoding=\"async\" src=\"https:\/\/planinarskiklubtara.org\/wp-content\/uploads\/2026\/06\/m1-zagreb-2-460x295.jpg\" width=\"460\" height=\"295\" alt=\"\" title=\"m1 zagreb (2)\" aria-label=\"m1 zagreb (2)\" class=\"img-responsive wp-image-233220 fusion-gallery-image-size-fixed\"  \/><\/a><\/div><\/div><div class=\"clearfix\"><\/div><div style=\"padding:5px;\" class=\"fusion-grid-column fusion-gallery-column fusion-gallery-column-2\"><div class=\"fusion-gallery-image fusion-gallery-image-liftup\"><a href=\"https:\/\/planinarskiklubtara.org\/wp-content\/uploads\/2026\/06\/m1-zagreb-1.jpg\" rel=\"noreferrer\" data-rel=\"iLightbox[gallery_image_1]\" class=\"fusion-lightbox\" target=\"_self\"><img decoding=\"async\" src=\"https:\/\/planinarskiklubtara.org\/wp-content\/uploads\/2026\/06\/m1-zagreb-1-460x295.jpg\" width=\"460\" height=\"295\" alt=\"\" title=\"m1 zagreb (1)\" aria-label=\"m1 zagreb (1)\" class=\"img-responsive wp-image-233218 fusion-gallery-image-size-fixed\"  \/><\/a><\/div><\/div><div style=\"padding:5px;\" class=\"fusion-grid-column fusion-gallery-column fusion-gallery-column-2\"><div class=\"fusion-gallery-image fusion-gallery-image-liftup\"><a href=\"https:\/\/planinarskiklubtara.org\/wp-content\/uploads\/2026\/06\/m1-zagreb-4.jpg\" rel=\"noreferrer\" data-rel=\"iLightbox[gallery_image_1]\" class=\"fusion-lightbox\" target=\"_self\"><img decoding=\"async\" src=\"https:\/\/planinarskiklubtara.org\/wp-content\/uploads\/2026\/06\/m1-zagreb-4-460x295.jpg\" width=\"460\" height=\"295\" alt=\"\" title=\"m1 zagreb (4)\" aria-label=\"m1 zagreb (4)\" class=\"img-responsive wp-image-233216 fusion-gallery-image-size-fixed\"  \/><\/a><\/div><\/div><div class=\"clearfix\"><\/div><\/div><\/div><div class=\"fusion-text fusion-text-2\"><h3><strong>Training for Instructors.<\/strong><\/h3>\n<p>To better integrate the IBD population into sports, the next phase involves training instructors from various disciplines. After a selection process, based on a public call, at least ten coaches per country will undergo training to familiarize themselves with IBD specifics and patients&#8217; needs. The workshop should be held in person, and a good solution is to record it for future use. Dr Zoran Milenkovi\u0107 emphasized that the disease manifests individually; therefore, sports activities must be tailored to each person&#8217;s specific symptoms and capabilities.<\/p>\n<p>Also, the workshops for the IBD population should be organised in each country.<strong> <\/strong><\/p>\n<h3><strong>Visibility and Promotion<\/strong><\/h3>\n<ul>\n<li><strong>The logo<\/strong> is created but the rest of the visibility should be created<\/li>\n<li><strong>Slogan:<\/strong> should be created and option can be to invite IBD population to propose ideas for a project slogan.<\/li>\n<li><strong>Guides:<\/strong> Two printed guides (minimum 30 pages each) will be produced\u2014one for patients and one for instructors.<\/li>\n<li><strong>Promotion:<\/strong> Existing websites, social media, and newsletters will be used. Promotional materials will include T-shirts, water bottles, and banners. <\/li>\n<li><strong>Media:<\/strong> TV and press releases will be contacted. Existing podcasts will feature athletes with IBD and experts in nutrition and related fields. <strong> <\/strong><\/li>\n<\/ul>\n<h3><strong>Future Meetings<\/strong><\/h3>\n<p>The next meeting is scheduled for the last week of April or the first week of May 2026. in Modena, Italy. The final meeting will take place in Serbia, in March or April 2027. Online meetings will be held periodically.    <\/p>\n<p>In addition to the formal meeting, a short hike on Medvednica and a tour of Zagreb were organized.<\/p>\n<p>Link for presentations <a href=\"https:\/\/drive.google.com\/drive\/folders\/1e4VmxiJ7IyZMN-Pfm2IkTwnb5RTB4qgA?usp=drive_link\" target=\"_blank\" rel=\"noopener\">https:\/\/drive.google.com\/drive\/folders\/1e4VmxiJ7IyZMN-Pfm2IkTwnb5RTB4qgA?usp=drive_link<\/a><\/p>\n<p>Meeting evaluation <a href=\"https:\/\/drive.google.com\/file\/d\/1SgR3JhvpD2NqWIRUatv140sOHRyJJ4bx\/view?usp=sharing\" target=\"_blank\" rel=\"noopener\">https:\/\/drive.google.com\/file\/d\/1SgR3JhvpD2NqWIRUatv140sOHRyJJ4bx\/view?usp=sharing<\/a><\/p>\n<p><strong>Project coordinator contact:<\/strong> Ranko Milanovi\u0107 +381 64 847 5386 <br \/>rankomilanovic@yahoo.com<\/p>\n<\/div><div class=\"awb-gallery-wrapper awb-gallery-wrapper-2 button-span-no\" style=\"--more-btn-alignment:center;\"><div style=\"margin:-5px;--awb-aspect-ratio:16 \/ 9;--awb-bordersize:0px;\" class=\"fusion-gallery fusion-gallery-container fusion-grid-2 fusion-columns-total-4 fusion-gallery-layout-grid fusion-gallery-2 has-aspect-ratio\"><div style=\"padding:5px;\" class=\"fusion-grid-column fusion-gallery-column fusion-gallery-column-2\"><div class=\"fusion-gallery-image fusion-gallery-image-liftup\"><a href=\"https:\/\/planinarskiklubtara.org\/wp-content\/uploads\/2026\/06\/m1-zagreb-7.jpg\" rel=\"noreferrer\" data-rel=\"iLightbox[gallery_image_2]\" class=\"fusion-lightbox\" target=\"_self\"><img decoding=\"async\" src=\"https:\/\/planinarskiklubtara.org\/wp-content\/uploads\/2026\/06\/m1-zagreb-7-460x295.jpg\" width=\"460\" height=\"295\" alt=\"\" title=\"m1 zagreb (7)\" aria-label=\"m1 zagreb (7)\" class=\"img-responsive wp-image-233240 fusion-gallery-image-size-fixed\"  \/><\/a><\/div><\/div><div style=\"padding:5px;\" class=\"fusion-grid-column fusion-gallery-column fusion-gallery-column-2\"><div class=\"fusion-gallery-image fusion-gallery-image-liftup\"><a href=\"https:\/\/planinarskiklubtara.org\/wp-content\/uploads\/2026\/06\/m1-zagreb-8.jpg\" rel=\"noreferrer\" data-rel=\"iLightbox[gallery_image_2]\" class=\"fusion-lightbox\" target=\"_self\"><img decoding=\"async\" src=\"https:\/\/planinarskiklubtara.org\/wp-content\/uploads\/2026\/06\/m1-zagreb-8-460x295.jpg\" width=\"460\" height=\"295\" alt=\"\" title=\"m1 zagreb (8)\" aria-label=\"m1 zagreb (8)\" class=\"img-responsive wp-image-233242 fusion-gallery-image-size-fixed\"  \/><\/a><\/div><\/div><div class=\"clearfix\"><\/div><div style=\"padding:5px;\" class=\"fusion-grid-column fusion-gallery-column fusion-gallery-column-2\"><div class=\"fusion-gallery-image fusion-gallery-image-liftup\"><a href=\"https:\/\/planinarskiklubtara.org\/wp-content\/uploads\/2026\/06\/m1-zagreb-5.jpg\" rel=\"noreferrer\" data-rel=\"iLightbox[gallery_image_2]\" class=\"fusion-lightbox\" target=\"_self\"><img decoding=\"async\" src=\"https:\/\/planinarskiklubtara.org\/wp-content\/uploads\/2026\/06\/m1-zagreb-5-460x295.jpg\" width=\"460\" height=\"295\" alt=\"\" title=\"m1 zagreb (5)\" aria-label=\"m1 zagreb (5)\" class=\"img-responsive wp-image-233244 fusion-gallery-image-size-fixed\"  \/><\/a><\/div><\/div><div style=\"padding:5px;\" class=\"fusion-grid-column fusion-gallery-column fusion-gallery-column-2\"><div class=\"fusion-gallery-image fusion-gallery-image-liftup\"><a href=\"https:\/\/planinarskiklubtara.org\/wp-content\/uploads\/2026\/06\/m1-zagreb-6.jpg\" rel=\"noreferrer\" data-rel=\"iLightbox[gallery_image_2]\" class=\"fusion-lightbox\" target=\"_self\"><img decoding=\"async\" src=\"https:\/\/planinarskiklubtara.org\/wp-content\/uploads\/2026\/06\/m1-zagreb-6-460x295.jpg\" width=\"460\" height=\"295\" alt=\"\" title=\"m1 zagreb (6)\" aria-label=\"m1 zagreb (6)\" class=\"img-responsive wp-image-233246 fusion-gallery-image-size-fixed\"  \/><\/a><\/div><\/div><div class=\"clearfix\"><\/div><\/div><\/div><\/div><\/div><\/div><\/div>\n","protected":false},"excerpt":{"rendered":"","protected":false},"author":1,"featured_media":233244,"comment_status":"open","ping_status":"open","sticky":false,"template":"","format":"standard","meta":{"footnotes":""},"categories":[96],"tags":[],"class_list":["post-233266","post","type-post","status-publish","format-standard","has-post-thumbnail","hentry","category-boost"],"yoast_head":"<!-- This site is optimized with the Yoast SEO plugin v26.9 - https:\/\/yoast.com\/product\/yoast-seo-wordpress\/ -->\n<title>REPORT - Project Team Meeting M1 (Zagreb) - Planinarski klub Tara<\/title>\n<meta name=\"robots\" content=\"index, follow, max-snippet:-1, max-image-preview:large, max-video-preview:-1\" \/>\n<link rel=\"canonical\" href=\"https:\/\/planinarskiklubtara.org\/en\/report-project-team-meeting-m1-zagreb\/\" \/>\n<meta property=\"og:locale\" content=\"en_US\" \/>\n<meta property=\"og:type\" content=\"article\" \/>\n<meta property=\"og:title\" content=\"REPORT - Project Team Meeting M1 (Zagreb) - Planinarski klub Tara\" \/>\n<meta property=\"og:url\" content=\"https:\/\/planinarskiklubtara.org\/en\/report-project-team-meeting-m1-zagreb\/\" \/>\n<meta property=\"og:site_name\" content=\"Planinarski klub Tara\" \/>\n<meta property=\"article:published_time\" content=\"2026-01-14T14:44:02+00:00\" \/>\n<meta property=\"article:modified_time\" content=\"2026-07-29T12:13:36+00:00\" \/>\n<meta property=\"og:image\" content=\"https:\/\/planinarskiklubtara.org\/wp-content\/uploads\/2026\/06\/m1-zagreb-5.jpg\" \/>\n\t<meta property=\"og:image:width\" content=\"1443\" \/>\n\t<meta property=\"og:image:height\" content=\"963\" \/>\n\t<meta property=\"og:image:type\" content=\"image\/jpeg\" \/>\n<meta name=\"author\" content=\"Planinarski klub Tara\" \/>\n<meta name=\"twitter:card\" content=\"summary_large_image\" \/>\n<meta name=\"twitter:label1\" content=\"Written by\" \/>\n\t<meta name=\"twitter:data1\" content=\"Planinarski klub Tara\" \/>\n\t<meta name=\"twitter:label2\" content=\"Est. reading time\" \/>\n\t<meta name=\"twitter:data2\" content=\"8 minutes\" \/>\n<script type=\"application\/ld+json\" class=\"yoast-schema-graph\">{\"@context\":\"https:\/\/schema.org\",\"@graph\":[{\"@type\":\"Article\",\"@id\":\"https:\/\/planinarskiklubtara.org\/en\/report-project-team-meeting-m1-zagreb\/#article\",\"isPartOf\":{\"@id\":\"https:\/\/planinarskiklubtara.org\/en\/report-project-team-meeting-m1-zagreb\/\"},\"author\":{\"name\":\"Planinarski klub Tara\",\"@id\":\"https:\/\/planinarskiklubtara.org\/#\/schema\/person\/e91bf4b49665bda7fcb4059c216504bc\"},\"headline\":\"REPORT &#8211; Project Team Meeting M1 (Zagreb)\",\"datePublished\":\"2026-01-14T14:44:02+00:00\",\"dateModified\":\"2026-07-29T12:13:36+00:00\",\"mainEntityOfPage\":{\"@id\":\"https:\/\/planinarskiklubtara.org\/en\/report-project-team-meeting-m1-zagreb\/\"},\"wordCount\":1670,\"commentCount\":0,\"publisher\":{\"@id\":\"https:\/\/planinarskiklubtara.org\/#organization\"},\"image\":{\"@id\":\"https:\/\/planinarskiklubtara.org\/en\/report-project-team-meeting-m1-zagreb\/#primaryimage\"},\"thumbnailUrl\":\"https:\/\/planinarskiklubtara.org\/wp-content\/uploads\/2026\/06\/m1-zagreb-5.jpg\",\"articleSection\":[\"BOOST\"],\"inLanguage\":\"en-US\",\"potentialAction\":[{\"@type\":\"CommentAction\",\"name\":\"Comment\",\"target\":[\"https:\/\/planinarskiklubtara.org\/en\/report-project-team-meeting-m1-zagreb\/#respond\"]}]},{\"@type\":\"WebPage\",\"@id\":\"https:\/\/planinarskiklubtara.org\/en\/report-project-team-meeting-m1-zagreb\/\",\"url\":\"https:\/\/planinarskiklubtara.org\/en\/report-project-team-meeting-m1-zagreb\/\",\"name\":\"REPORT - Project Team Meeting M1 (Zagreb) - Planinarski klub Tara\",\"isPartOf\":{\"@id\":\"https:\/\/planinarskiklubtara.org\/#website\"},\"primaryImageOfPage\":{\"@id\":\"https:\/\/planinarskiklubtara.org\/en\/report-project-team-meeting-m1-zagreb\/#primaryimage\"},\"image\":{\"@id\":\"https:\/\/planinarskiklubtara.org\/en\/report-project-team-meeting-m1-zagreb\/#primaryimage\"},\"thumbnailUrl\":\"https:\/\/planinarskiklubtara.org\/wp-content\/uploads\/2026\/06\/m1-zagreb-5.jpg\",\"datePublished\":\"2026-01-14T14:44:02+00:00\",\"dateModified\":\"2026-07-29T12:13:36+00:00\",\"breadcrumb\":{\"@id\":\"https:\/\/planinarskiklubtara.org\/en\/report-project-team-meeting-m1-zagreb\/#breadcrumb\"},\"inLanguage\":\"en-US\",\"potentialAction\":[{\"@type\":\"ReadAction\",\"target\":[\"https:\/\/planinarskiklubtara.org\/en\/report-project-team-meeting-m1-zagreb\/\"]}]},{\"@type\":\"ImageObject\",\"inLanguage\":\"en-US\",\"@id\":\"https:\/\/planinarskiklubtara.org\/en\/report-project-team-meeting-m1-zagreb\/#primaryimage\",\"url\":\"https:\/\/planinarskiklubtara.org\/wp-content\/uploads\/2026\/06\/m1-zagreb-5.jpg\",\"contentUrl\":\"https:\/\/planinarskiklubtara.org\/wp-content\/uploads\/2026\/06\/m1-zagreb-5.jpg\",\"width\":1443,\"height\":963},{\"@type\":\"BreadcrumbList\",\"@id\":\"https:\/\/planinarskiklubtara.org\/en\/report-project-team-meeting-m1-zagreb\/#breadcrumb\",\"itemListElement\":[{\"@type\":\"ListItem\",\"position\":1,\"name\":\"\u041f\u043e\u0447\u0435\u0442\u043d\u0430\",\"item\":\"https:\/\/planinarskiklubtara.org\/en\/\"},{\"@type\":\"ListItem\",\"position\":2,\"name\":\"REPORT &#8211; Project Team Meeting M1 (Zagreb)\"}]},{\"@type\":\"WebSite\",\"@id\":\"https:\/\/planinarskiklubtara.org\/#website\",\"url\":\"https:\/\/planinarskiklubtara.org\/\",\"name\":\"Planinarski klub Tara\",\"description\":\"Planinarski klub iz Bajine Ba\u0161te\",\"publisher\":{\"@id\":\"https:\/\/planinarskiklubtara.org\/#organization\"},\"alternateName\":\"Planinarski klub Tara\",\"potentialAction\":[{\"@type\":\"SearchAction\",\"target\":{\"@type\":\"EntryPoint\",\"urlTemplate\":\"https:\/\/planinarskiklubtara.org\/?s={search_term_string}\"},\"query-input\":{\"@type\":\"PropertyValueSpecification\",\"valueRequired\":true,\"valueName\":\"search_term_string\"}}],\"inLanguage\":\"en-US\"},{\"@type\":\"Organization\",\"@id\":\"https:\/\/planinarskiklubtara.org\/#organization\",\"name\":\"Planinarski klub Tara\",\"alternateName\":\"Planinarski klub Tara\",\"url\":\"https:\/\/planinarskiklubtara.org\/\",\"logo\":{\"@type\":\"ImageObject\",\"inLanguage\":\"en-US\",\"@id\":\"https:\/\/planinarskiklubtara.org\/#\/schema\/logo\/image\/\",\"url\":\"https:\/\/planinarskiklubtara.org\/wp-content\/uploads\/2021\/12\/LOGO-Planinarski-klub-Tara.png\",\"contentUrl\":\"https:\/\/planinarskiklubtara.org\/wp-content\/uploads\/2021\/12\/LOGO-Planinarski-klub-Tara.png\",\"width\":300,\"height\":300,\"caption\":\"Planinarski klub Tara\"},\"image\":{\"@id\":\"https:\/\/planinarskiklubtara.org\/#\/schema\/logo\/image\/\"}},{\"@type\":\"Person\",\"@id\":\"https:\/\/planinarskiklubtara.org\/#\/schema\/person\/e91bf4b49665bda7fcb4059c216504bc\",\"name\":\"Planinarski klub Tara\",\"image\":{\"@type\":\"ImageObject\",\"inLanguage\":\"en-US\",\"@id\":\"https:\/\/planinarskiklubtara.org\/#\/schema\/person\/image\/\",\"url\":\"https:\/\/secure.gravatar.com\/avatar\/219267029fb2abe47f4957f012ee1468e5fca2da77ff4bc08b876c10cdd77e7c?s=96&d=mm&r=g\",\"contentUrl\":\"https:\/\/secure.gravatar.com\/avatar\/219267029fb2abe47f4957f012ee1468e5fca2da77ff4bc08b876c10cdd77e7c?s=96&d=mm&r=g\",\"caption\":\"Planinarski klub Tara\"},\"sameAs\":[\"https:\/\/planinarskiklubtara.org\"]}]}<\/script>\n<!-- \/ Yoast SEO plugin. -->","yoast_head_json":{"title":"REPORT - Project Team Meeting M1 (Zagreb) - Planinarski klub Tara","robots":{"index":"index","follow":"follow","max-snippet":"max-snippet:-1","max-image-preview":"max-image-preview:large","max-video-preview":"max-video-preview:-1"},"canonical":"https:\/\/planinarskiklubtara.org\/en\/report-project-team-meeting-m1-zagreb\/","og_locale":"en_US","og_type":"article","og_title":"REPORT - Project Team Meeting M1 (Zagreb) - Planinarski klub Tara","og_url":"https:\/\/planinarskiklubtara.org\/en\/report-project-team-meeting-m1-zagreb\/","og_site_name":"Planinarski klub Tara","article_published_time":"2026-01-14T14:44:02+00:00","article_modified_time":"2026-07-29T12:13:36+00:00","og_image":[{"width":1443,"height":963,"url":"https:\/\/planinarskiklubtara.org\/wp-content\/uploads\/2026\/06\/m1-zagreb-5.jpg","type":"image\/jpeg"}],"author":"Planinarski klub Tara","twitter_card":"summary_large_image","twitter_misc":{"Written by":"Planinarski klub Tara","Est. reading time":"8 minutes"},"schema":{"@context":"https:\/\/schema.org","@graph":[{"@type":"Article","@id":"https:\/\/planinarskiklubtara.org\/en\/report-project-team-meeting-m1-zagreb\/#article","isPartOf":{"@id":"https:\/\/planinarskiklubtara.org\/en\/report-project-team-meeting-m1-zagreb\/"},"author":{"name":"Planinarski klub Tara","@id":"https:\/\/planinarskiklubtara.org\/#\/schema\/person\/e91bf4b49665bda7fcb4059c216504bc"},"headline":"REPORT &#8211; Project Team Meeting M1 (Zagreb)","datePublished":"2026-01-14T14:44:02+00:00","dateModified":"2026-07-29T12:13:36+00:00","mainEntityOfPage":{"@id":"https:\/\/planinarskiklubtara.org\/en\/report-project-team-meeting-m1-zagreb\/"},"wordCount":1670,"commentCount":0,"publisher":{"@id":"https:\/\/planinarskiklubtara.org\/#organization"},"image":{"@id":"https:\/\/planinarskiklubtara.org\/en\/report-project-team-meeting-m1-zagreb\/#primaryimage"},"thumbnailUrl":"https:\/\/planinarskiklubtara.org\/wp-content\/uploads\/2026\/06\/m1-zagreb-5.jpg","articleSection":["BOOST"],"inLanguage":"en-US","potentialAction":[{"@type":"CommentAction","name":"Comment","target":["https:\/\/planinarskiklubtara.org\/en\/report-project-team-meeting-m1-zagreb\/#respond"]}]},{"@type":"WebPage","@id":"https:\/\/planinarskiklubtara.org\/en\/report-project-team-meeting-m1-zagreb\/","url":"https:\/\/planinarskiklubtara.org\/en\/report-project-team-meeting-m1-zagreb\/","name":"REPORT - Project Team Meeting M1 (Zagreb) - Planinarski klub Tara","isPartOf":{"@id":"https:\/\/planinarskiklubtara.org\/#website"},"primaryImageOfPage":{"@id":"https:\/\/planinarskiklubtara.org\/en\/report-project-team-meeting-m1-zagreb\/#primaryimage"},"image":{"@id":"https:\/\/planinarskiklubtara.org\/en\/report-project-team-meeting-m1-zagreb\/#primaryimage"},"thumbnailUrl":"https:\/\/planinarskiklubtara.org\/wp-content\/uploads\/2026\/06\/m1-zagreb-5.jpg","datePublished":"2026-01-14T14:44:02+00:00","dateModified":"2026-07-29T12:13:36+00:00","breadcrumb":{"@id":"https:\/\/planinarskiklubtara.org\/en\/report-project-team-meeting-m1-zagreb\/#breadcrumb"},"inLanguage":"en-US","potentialAction":[{"@type":"ReadAction","target":["https:\/\/planinarskiklubtara.org\/en\/report-project-team-meeting-m1-zagreb\/"]}]},{"@type":"ImageObject","inLanguage":"en-US","@id":"https:\/\/planinarskiklubtara.org\/en\/report-project-team-meeting-m1-zagreb\/#primaryimage","url":"https:\/\/planinarskiklubtara.org\/wp-content\/uploads\/2026\/06\/m1-zagreb-5.jpg","contentUrl":"https:\/\/planinarskiklubtara.org\/wp-content\/uploads\/2026\/06\/m1-zagreb-5.jpg","width":1443,"height":963},{"@type":"BreadcrumbList","@id":"https:\/\/planinarskiklubtara.org\/en\/report-project-team-meeting-m1-zagreb\/#breadcrumb","itemListElement":[{"@type":"ListItem","position":1,"name":"\u041f\u043e\u0447\u0435\u0442\u043d\u0430","item":"https:\/\/planinarskiklubtara.org\/en\/"},{"@type":"ListItem","position":2,"name":"REPORT &#8211; Project Team Meeting M1 (Zagreb)"}]},{"@type":"WebSite","@id":"https:\/\/planinarskiklubtara.org\/#website","url":"https:\/\/planinarskiklubtara.org\/","name":"Planinarski klub Tara","description":"Planinarski klub iz Bajine Ba\u0161te","publisher":{"@id":"https:\/\/planinarskiklubtara.org\/#organization"},"alternateName":"Planinarski klub Tara","potentialAction":[{"@type":"SearchAction","target":{"@type":"EntryPoint","urlTemplate":"https:\/\/planinarskiklubtara.org\/?s={search_term_string}"},"query-input":{"@type":"PropertyValueSpecification","valueRequired":true,"valueName":"search_term_string"}}],"inLanguage":"en-US"},{"@type":"Organization","@id":"https:\/\/planinarskiklubtara.org\/#organization","name":"Planinarski klub Tara","alternateName":"Planinarski klub Tara","url":"https:\/\/planinarskiklubtara.org\/","logo":{"@type":"ImageObject","inLanguage":"en-US","@id":"https:\/\/planinarskiklubtara.org\/#\/schema\/logo\/image\/","url":"https:\/\/planinarskiklubtara.org\/wp-content\/uploads\/2021\/12\/LOGO-Planinarski-klub-Tara.png","contentUrl":"https:\/\/planinarskiklubtara.org\/wp-content\/uploads\/2021\/12\/LOGO-Planinarski-klub-Tara.png","width":300,"height":300,"caption":"Planinarski klub Tara"},"image":{"@id":"https:\/\/planinarskiklubtara.org\/#\/schema\/logo\/image\/"}},{"@type":"Person","@id":"https:\/\/planinarskiklubtara.org\/#\/schema\/person\/e91bf4b49665bda7fcb4059c216504bc","name":"Planinarski klub Tara","image":{"@type":"ImageObject","inLanguage":"en-US","@id":"https:\/\/planinarskiklubtara.org\/#\/schema\/person\/image\/","url":"https:\/\/secure.gravatar.com\/avatar\/219267029fb2abe47f4957f012ee1468e5fca2da77ff4bc08b876c10cdd77e7c?s=96&d=mm&r=g","contentUrl":"https:\/\/secure.gravatar.com\/avatar\/219267029fb2abe47f4957f012ee1468e5fca2da77ff4bc08b876c10cdd77e7c?s=96&d=mm&r=g","caption":"Planinarski klub Tara"},"sameAs":["https:\/\/planinarskiklubtara.org"]}]}},"_links":{"self":[{"href":"https:\/\/planinarskiklubtara.org\/en\/wp-json\/wp\/v2\/posts\/233266","targetHints":{"allow":["GET"]}}],"collection":[{"href":"https:\/\/planinarskiklubtara.org\/en\/wp-json\/wp\/v2\/posts"}],"about":[{"href":"https:\/\/planinarskiklubtara.org\/en\/wp-json\/wp\/v2\/types\/post"}],"author":[{"embeddable":true,"href":"https:\/\/planinarskiklubtara.org\/en\/wp-json\/wp\/v2\/users\/1"}],"replies":[{"embeddable":true,"href":"https:\/\/planinarskiklubtara.org\/en\/wp-json\/wp\/v2\/comments?post=233266"}],"version-history":[{"count":3,"href":"https:\/\/planinarskiklubtara.org\/en\/wp-json\/wp\/v2\/posts\/233266\/revisions"}],"predecessor-version":[{"id":233269,"href":"https:\/\/planinarskiklubtara.org\/en\/wp-json\/wp\/v2\/posts\/233266\/revisions\/233269"}],"wp:featuredmedia":[{"embeddable":true,"href":"https:\/\/planinarskiklubtara.org\/en\/wp-json\/wp\/v2\/media\/233244"}],"wp:attachment":[{"href":"https:\/\/planinarskiklubtara.org\/en\/wp-json\/wp\/v2\/media?parent=233266"}],"wp:term":[{"taxonomy":"category","embeddable":true,"href":"https:\/\/planinarskiklubtara.org\/en\/wp-json\/wp\/v2\/categories?post=233266"},{"taxonomy":"post_tag","embeddable":true,"href":"https:\/\/planinarskiklubtara.org\/en\/wp-json\/wp\/v2\/tags?post=233266"}],"curies":[{"name":"wp","href":"https:\/\/api.w.org\/{rel}","templated":true}]}}